{"id":105,"date":"2015-05-05T10:32:00","date_gmt":"2015-05-05T10:32:00","guid":{"rendered":"http:\/\/conseguiremoslaluna.es\/?p=105"},"modified":"2020-05-01T18:26:08","modified_gmt":"2020-05-01T18:26:08","slug":"campana-del-gobierno-2015","status":"publish","type":"post","link":"http:\/\/conseguiremoslaluna.es\/?p=105","title":{"rendered":"Campa\u00f1a del Gobierno 2015"},"content":{"rendered":"<div style=\"text-align: justify;\"><span style=\"color: #741b47;\"><span style=\"font-family: &quot;Courier New&quot;, Courier, monospace;\">En el post de la semana pasada (<a href=\"http:\/\/conseguiremoslaluna.tformas.com\/2015\/04\/desnuda.html\" target=\"_blank\" rel=\"noopener noreferrer\">http:\/\/conseguiremoslaluna.tformas.com\/2015\/04\/desnuda.html<\/a>)ya os hablaba de la campa\u00f1a actual creada por el Gobierno y enfocada, m\u00e1s directamente, a la poblaci\u00f3n juvenil. Es una continuaci\u00f3n de la realizada en el mes de noviembre, aprovechando la celebraci\u00f3n del d\u00eda internacional contra la violencia de g\u00e9nero (25 de noviembre).&nbsp;<\/span><\/span><\/div>\n<div style=\"text-align: justify;\"><span style=\"color: #741b47;\"><span style=\"font-family: &quot;Courier New&quot;, Courier, monospace;\">&nbsp; <\/span><\/span><\/div>\n<div style=\"clear: both; text-align: center;\"><a href=\"http:\/\/2.bp.blogspot.com\/-kYr1oQE9Ezo\/VUiYG2E75FI\/AAAAAAAAFI8\/1UUitTex-LI\/s1600\/Hay%2Bsalida%2B2015.jpg\" style=\"margin-left: 1em; margin-right: 1em;\"><img decoding=\"async\" border=\"0\" src=\"http:\/\/2.bp.blogspot.com\/-kYr1oQE9Ezo\/VUiYG2E75FI\/AAAAAAAAFI8\/1UUitTex-LI\/s1600\/Hay%2Bsalida%2B2015.jpg\"><\/a><\/div>\n<div style=\"text-align: justify;\"><span style=\"color: #741b47;\"><span style=\"font-family: &quot;Courier New&quot;, Courier, monospace;\">Esta campa\u00f1a invita a las adolescentes, debido al creciente n\u00famero de j\u00f3venes que reconocen que se sienten controladas por sus parejas, a que cuenten qu\u00e9 viven en su relaci\u00f3n de pareja, pues existen medios y personas que las ayudar\u00e1n.<\/span><\/span><\/div>\n<div style=\"text-align: justify;\"><span style=\"color: #741b47;\"><span style=\"font-family: &quot;Courier New&quot;, Courier, monospace;\"><br \/>\n<\/span><\/span><\/div>\n<div style=\"clear: both; text-align: center;\"><a href=\"http:\/\/1.bp.blogspot.com\/-nYOwcYBz4nU\/VUiaO2k1y-I\/AAAAAAAAFJI\/wCHt4mlKulw\/s1600\/cu%C3%A9ntalo.jpg\" style=\"margin-left: 1em; margin-right: 1em;\"><img loading=\"lazy\" decoding=\"async\" border=\"0\" height=\"180\" src=\"http:\/\/1.bp.blogspot.com\/-nYOwcYBz4nU\/VUiaO2k1y-I\/AAAAAAAAFJI\/wCHt4mlKulw\/s320\/cu%C3%A9ntalo.jpg\" width=\"320\"><\/a><\/div>\n<div style=\"text-align: justify;\"><span style=\"color: #741b47;\"><span style=\"font-family: &quot;Courier New&quot;, Courier, monospace;\"><br \/>\n<\/span><\/span><\/div>\n<div style=\"text-align: justify;\"><span style=\"color: #741b47;\"><span style=\"font-family: &quot;Courier New&quot;, Courier, monospace;\">En estos d\u00edas me planteaba, y adem\u00e1s lo hac\u00eda en voz alta, dando bastante la co\u00f1a a amigos y familiares, que una campa\u00f1a que se centra s\u00f3lo en unos d\u00edas concretos, no hace mucho. Pero \u00e9sta es mi opini\u00f3n.<\/span><\/span><\/div>\n<div style=\"text-align: justify;\"><\/div>\n<div style=\"text-align: justify;\"><span style=\"color: #741b47;\"><span style=\"font-family: &quot;Courier New&quot;, Courier, monospace;\">\u00bfDe qu\u00e9 me sirve que durante una semana, a todas horas, en <i>prime time<\/i>, est\u00e9n sacando en televisi\u00f3n (la caja tonta) una campa\u00f1a en contra de la violencia de g\u00e9nero si luego no trabajo d\u00eda a d\u00eda para erradicar este problema?&nbsp;<\/span><\/span><\/div>\n<div style=\"text-align: justify;\"><span style=\"color: #741b47;\"><span style=\"font-family: &quot;Courier New&quot;, Courier, monospace;\">\u00bfDe qu\u00e9 sirve un programa de televisi\u00f3n al que se le conceden premios, que trata de hablar de la violencia de g\u00e9nero para sensibilizar y prevenir si lo ponemos a las 12 de la noche?<\/span><\/span><\/div>\n<div style=\"text-align: justify;\"><span style=\"color: #741b47;\"><span style=\"font-family: &quot;Courier New&quot;, Courier, monospace;\">\u00bfDe qu\u00e9 sirve que se hable de este problema y lo reconozcamos como tal, si luego, las palabras se las lleva el tiempo?<\/span><\/span><\/div>\n<div style=\"text-align: justify;\"><\/div>\n<div style=\"text-align: justify;\"><span style=\"color: #741b47;\"><span style=\"font-family: &quot;Courier New&quot;, Courier, monospace;\">\u00bfDe qu\u00e9 sirve&#8230;?<\/span><\/span><\/div>\n<div style=\"text-align: justify;\"><span style=\"color: #741b47;\"><span style=\"font-family: &quot;Courier New&quot;, Courier, monospace;\"><br \/>\n<\/span><\/span><\/div>\n<div style=\"text-align: justify;\"><span style=\"color: #741b47;\"><span style=\"font-family: &quot;Courier New&quot;, Courier, monospace;\">Para sensibilizar y prevenir, hay que trabajar diariamente, no en fechas concretas ni determinadas. SIEMPRE.<\/span><\/span><\/div>\n<div style=\"text-align: justify;\"><span style=\"color: #741b47;\"><span style=\"font-family: &quot;Courier New&quot;, Courier, monospace;\"><br \/>\n<\/span><\/span><\/div>\n<div style=\"text-align: justify;\"><span style=\"color: #741b47;\"><span style=\"font-family: &quot;Courier New&quot;, Courier, monospace;\">Sensibilizar y prevenir es, por ejemplo, impartir talleres, ser pesada, hacer pensar, reflexionar, hablar, conversar, todos todos los d\u00edas y que, de pronto, un d\u00eda, te den la noticia de que una adolescente \u00abha abierto los ojos\u00bb y ha dejado a su pareja, unos cuantos mayor que ella, porque se ha dado cuenta que la relaci\u00f3n que ten\u00edan no era una relaci\u00f3n sana, sino que era una relaci\u00f3n de dominaci\u00f3n, superioridad, dependencia y chantaje.<\/span><\/span><\/div>\n<div style=\"text-align: justify;\"><span style=\"color: #741b47;\"><span style=\"font-family: &quot;Courier New&quot;, Courier, monospace;\"><br \/>\n<\/span><\/span><\/div>\n<div style=\"text-align: justify;\"><span style=\"color: #741b47;\"><span style=\"font-family: &quot;Courier New&quot;, Courier, monospace;\">La sensibilizaci\u00f3n y la prevenci\u00f3n se hace todos los d\u00edas, se\u00f1oras y se\u00f1ores.<\/span><\/span><\/div>\n<div style=\"text-align: justify;\"><span style=\"color: #741b47;\"><span style=\"font-family: &quot;Courier New&quot;, Courier, monospace;\">&nbsp;<\/span><\/span><\/div>\n<div style=\"text-align: justify;\"><span style=\"color: #741b47;\"><span style=\"font-family: &quot;Courier New&quot;, Courier, monospace;\"><br \/>\n<\/span><\/span><\/div>\n","protected":false},"excerpt":{"rendered":"<p>En el post de la semana pasada (http:\/\/conseguiremoslaluna.tformas.com\/2015\/04\/desnuda.html)ya os hablaba de la campa\u00f1a actual creada por el Gobierno y enfocada, m\u00e1s directamente, a la poblaci\u00f3n juvenil. Es una continuaci\u00f3n de la realizada en el mes de noviembre, aprovechando la celebraci\u00f3n del d\u00eda internacional contra la violencia de g\u00e9nero (25 de noviembre).&nbsp; &nbsp; Esta campa\u00f1a invita &hellip; <a href=\"http:\/\/conseguiremoslaluna.es\/?p=105\" class=\"more-link\">Continuar leyendo<span class=\"screen-reader-text\"> \u00abCampa\u00f1a del Gobierno 2015\u00bb<\/span><\/a><\/p>\n","protected":false},"author":2,"featured_media":0,"comment_status":"open","ping_status":"open","sticky":false,"template":"","format":"standard","meta":{"footnotes":""},"categories":[320,325,326],"tags":[],"class_list":["post-105","post","type-post","status-publish","format-standard","hentry","category-campana","category-familia","category-feminismo"],"_links":{"self":[{"href":"http:\/\/conseguiremoslaluna.es\/index.php?rest_route=\/wp\/v2\/posts\/105","targetHints":{"allow":["GET"]}}],"collection":[{"href":"http:\/\/conseguiremoslaluna.es\/index.php?rest_route=\/wp\/v2\/posts"}],"about":[{"href":"http:\/\/conseguiremoslaluna.es\/index.php?rest_route=\/wp\/v2\/types\/post"}],"author":[{"embeddable":true,"href":"http:\/\/conseguiremoslaluna.es\/index.php?rest_route=\/wp\/v2\/users\/2"}],"replies":[{"embeddable":true,"href":"http:\/\/conseguiremoslaluna.es\/index.php?rest_route=%2Fwp%2Fv2%2Fcomments&post=105"}],"version-history":[{"count":1,"href":"http:\/\/conseguiremoslaluna.es\/index.php?rest_route=\/wp\/v2\/posts\/105\/revisions"}],"predecessor-version":[{"id":488,"href":"http:\/\/conseguiremoslaluna.es\/index.php?rest_route=\/wp\/v2\/posts\/105\/revisions\/488"}],"wp:attachment":[{"href":"http:\/\/conseguiremoslaluna.es\/index.php?rest_route=%2Fwp%2Fv2%2Fmedia&parent=105"}],"wp:term":[{"taxonomy":"category","embeddable":true,"href":"http:\/\/conseguiremoslaluna.es\/index.php?rest_route=%2Fwp%2Fv2%2Fcategories&post=105"},{"taxonomy":"post_tag","embeddable":true,"href":"http:\/\/conseguiremoslaluna.es\/index.php?rest_route=%2Fwp%2Fv2%2Ftags&post=105"}],"curies":[{"name":"wp","href":"https:\/\/api.w.org\/{rel}","templated":true}]}}