{"id":155,"date":"2014-06-16T09:36:00","date_gmt":"2014-06-16T09:36:00","guid":{"rendered":"http:\/\/conseguiremoslaluna.es\/?p=155"},"modified":"2020-05-01T17:42:13","modified_gmt":"2020-05-01T17:42:13","slug":"miguel-lorente-acosta-y-su-nuevo-libro","status":"publish","type":"post","link":"http:\/\/conseguiremoslaluna.es\/?p=155","title":{"rendered":"Miguel Lorente Acosta y su nuevo libro"},"content":{"rendered":"<div style=\"text-align: justify;\"><span style=\"color: #4c1130;\"><span style=\"font-family: &quot;Courier New&quot;, Courier, monospace;\">Hoy me quiero hacer eco de la publicaci\u00f3n del nuevo libro de Miguel Lorente Acosta.&nbsp;<\/span><\/span><\/div>\n<div style=\"clear: both; text-align: center;\"><a href=\"http:\/\/2.bp.blogspot.com\/-VfgXK5U2MHk\/U565w2Ew0oI\/AAAAAAAADdA\/Gze9XdBM5t0\/s1600\/Miguel+Lorente+Acosta.GIF\" style=\"margin-left: 1em; margin-right: 1em;\"><img decoding=\"async\" border=\"0\" src=\"http:\/\/2.bp.blogspot.com\/-VfgXK5U2MHk\/U565w2Ew0oI\/AAAAAAAADdA\/Gze9XdBM5t0\/s1600\/Miguel+Lorente+Acosta.GIF\"><\/a><\/div>\n<div style=\"text-align: justify;\"><\/div>\n<div style=\"text-align: justify;\"><span style=\"color: #4c1130;\"><span style=\"font-family: &quot;Courier New&quot;, Courier, monospace;\"><span>Es m\u00e9dico Forense<\/span>, tambi\u00e9n Profesor de Medicina Legal de la <span>Universidad de Granada<\/span>, Especialista en Medicina Legal y Forense y M\u00e1ster en Bio\u00e9tica y Derecho M\u00e9dico.<br \/>\n&nbsp;<\/span><\/span><\/div>\n<div style=\"text-align: justify;\"><span style=\"color: #4c1130;\"><span style=\"font-family: &quot;Courier New&quot;, Courier, monospace;\">Ha trabajado en el an\u00e1lisis del ADN en identificaci\u00f3n humana, el  an\u00e1lisis forense de la S\u00e1bana Santa, y en el estudio de la violencia, de  manera muy especial de la violencia de g\u00e9nero, circunstancia que llev\u00f3 a  que le nombraran Delegado del Gobierno para la Violencia de G\u00e9nero en  el Ministerio de Igualdad.&nbsp; <\/span><\/span><\/div>\n<div style=\"text-align: justify;\"><\/div>\n<div style=\"text-align: justify;\"><span style=\"color: #4c1130;\"><span style=\"font-family: &quot;Courier New&quot;, Courier, monospace;\">Tiene un blog en el peri\u00f3dico nacional El Pa\u00eds: <a href=\"http:\/\/blogs.elpais.com\/autopsia\/\" target=\"_blank\" rel=\"noopener noreferrer\">http:\/\/blogs.elpais.com\/autopsia\/<\/a> y es autor de otras obras relacionadas con la violencia de g\u00e9nero, adem\u00e1s de conferenciante.<\/span><\/span><\/div>\n<div style=\"text-align: justify;\"><\/div>\n<div style=\"text-align: justify;\"><span style=\"color: #4c1130;\"><span style=\"font-family: &quot;Courier New&quot;, Courier, monospace;\">Para saber algo m\u00e1s sobre este libro, han escrito un post en el blog del peri\u00f3dico arriba mencionado. Os dejo el enlace para que lo le\u00e1is<\/span><\/span><\/div>\n<p><a href=\"http:\/\/blogs.elpais.com\/mujeres\/2014\/06\/t%C3%BA-haz-la-comida-que-yo-cuelgo-los-cuadros.html\">http:\/\/blogs.elpais.com\/mujeres\/2014\/06\/t%C3%BA-haz-la-comida-que-yo-cuelgo-los-cuadros.html<\/a><\/p>\n","protected":false},"excerpt":{"rendered":"<p>Hoy me quiero hacer eco de la publicaci\u00f3n del nuevo libro de Miguel Lorente Acosta.&nbsp; Es m\u00e9dico Forense, tambi\u00e9n Profesor de Medicina Legal de la Universidad de Granada, Especialista en Medicina Legal y Forense y M\u00e1ster en Bio\u00e9tica y Derecho M\u00e9dico. &nbsp; Ha trabajado en el an\u00e1lisis del ADN en identificaci\u00f3n humana, el an\u00e1lisis forense &hellip; <a href=\"http:\/\/conseguiremoslaluna.es\/?p=155\" class=\"more-link\">Continuar leyendo<span class=\"screen-reader-text\"> \u00abMiguel Lorente Acosta y su nuevo libro\u00bb<\/span><\/a><\/p>\n","protected":false},"author":2,"featured_media":0,"comment_status":"open","ping_status":"open","sticky":false,"template":"","format":"standard","meta":{"footnotes":""},"categories":[322,326,328],"tags":[],"class_list":["post-155","post","type-post","status-publish","format-standard","hentry","category-cultura","category-feminismo","category-prensa"],"_links":{"self":[{"href":"http:\/\/conseguiremoslaluna.es\/index.php?rest_route=\/wp\/v2\/posts\/155","targetHints":{"allow":["GET"]}}],"collection":[{"href":"http:\/\/conseguiremoslaluna.es\/index.php?rest_route=\/wp\/v2\/posts"}],"about":[{"href":"http:\/\/conseguiremoslaluna.es\/index.php?rest_route=\/wp\/v2\/types\/post"}],"author":[{"embeddable":true,"href":"http:\/\/conseguiremoslaluna.es\/index.php?rest_route=\/wp\/v2\/users\/2"}],"replies":[{"embeddable":true,"href":"http:\/\/conseguiremoslaluna.es\/index.php?rest_route=%2Fwp%2Fv2%2Fcomments&post=155"}],"version-history":[{"count":1,"href":"http:\/\/conseguiremoslaluna.es\/index.php?rest_route=\/wp\/v2\/posts\/155\/revisions"}],"predecessor-version":[{"id":461,"href":"http:\/\/conseguiremoslaluna.es\/index.php?rest_route=\/wp\/v2\/posts\/155\/revisions\/461"}],"wp:attachment":[{"href":"http:\/\/conseguiremoslaluna.es\/index.php?rest_route=%2Fwp%2Fv2%2Fmedia&parent=155"}],"wp:term":[{"taxonomy":"category","embeddable":true,"href":"http:\/\/conseguiremoslaluna.es\/index.php?rest_route=%2Fwp%2Fv2%2Fcategories&post=155"},{"taxonomy":"post_tag","embeddable":true,"href":"http:\/\/conseguiremoslaluna.es\/index.php?rest_route=%2Fwp%2Fv2%2Ftags&post=155"}],"curies":[{"name":"wp","href":"https:\/\/api.w.org\/{rel}","templated":true}]}}