{"id":48,"date":"2017-10-18T07:41:00","date_gmt":"2017-10-18T07:41:00","guid":{"rendered":"http:\/\/conseguiremoslaluna.es\/?p=48"},"modified":"2020-05-01T16:15:37","modified_gmt":"2020-05-01T16:15:37","slug":"menos-hablar-y-mas-actuar","status":"publish","type":"post","link":"http:\/\/conseguiremoslaluna.es\/?p=48","title":{"rendered":"Menos hablar y m\u00e1s actuar"},"content":{"rendered":"<div style=\"text-align: justify;\"><span style=\"color: #741b47; font-family: &quot;verdana&quot; , sans-serif;\">El a\u00f1o pasado me qued\u00e9 con ganas de participar en un Congreso que se realiza el Sevilla. De hecho, estuve viendo la posibilidad de marchar tres d\u00edas, y as\u00ed conocer mejor Sevilla, para participar en la parte presencial del mismo. Al final, por problemas econ\u00f3micos y por otros asuntos de agenda, me qued\u00e9 en Salamanca.<\/span><\/div>\n<div style=\"clear: both; text-align: center;\"><a href=\"https:\/\/3.bp.blogspot.com\/-6v84-EyZxaI\/WecC4mpV7FI\/AAAAAAAAMXE\/ucGShQ4o8gcoV1d6eGXUcejLrJ-lfgzHQCLcBGAs\/s1600\/sevilla-rio.jpg\" style=\"margin-left: 1em; margin-right: 1em;\"><img loading=\"lazy\" decoding=\"async\" border=\"0\" data-original-height=\"350\" data-original-width=\"640\" height=\"175\" src=\"https:\/\/3.bp.blogspot.com\/-6v84-EyZxaI\/WecC4mpV7FI\/AAAAAAAAMXE\/ucGShQ4o8gcoV1d6eGXUcejLrJ-lfgzHQCLcBGAs\/s320\/sevilla-rio.jpg\" width=\"320\"><\/a><\/div>\n<div style=\"text-align: justify;\"><\/div>\n<div style=\"text-align: justify;\"><span style=\"color: #741b47; font-family: &quot;verdana&quot; , sans-serif;\">Este a\u00f1o he decidido liarme a la cabeza (todo sucede cuando menos tiempo tienes, cuantas m\u00e1s cosas por hacer ah\u00ed y cuando tu agenda puede explotar en cualquier momento) y me he inscrito en la parte online (tuve que desistir de presentar una comunicaci\u00f3n. El tiempo y mi cabeza no me da).<\/span><\/div>\n<div style=\"text-align: justify;\"><span style=\"color: #741b47; font-family: &quot;verdana&quot; , sans-serif;\"><br \/>\n<\/span><\/div>\n<div style=\"text-align: justify;\"><span style=\"color: #741b47; font-family: &quot;verdana&quot; , sans-serif;\">En consecuencia, soy una participante m\u00e1s del&nbsp;<\/span><span style=\"color: #741b47; font-family: verdana, sans-serif;\">VIII Congreso para el estudio de la violencia contra las mujeres. Del riesgo a la prevencci\u00f3n.&nbsp;<\/span><br \/>\n<span style=\"color: #741b47; font-family: verdana, sans-serif;\"><br \/>\n<\/span><\/p>\n<div style=\"clear: both; text-align: center;\"><a href=\"https:\/\/4.bp.blogspot.com\/-SeroDXlsWtw\/WecFiphtLvI\/AAAAAAAAMXQ\/XKXXYxJ-1OYt2ezNDVLj52PwVQqvYlvEgCLcBGAs\/s1600\/VIII%2BCongreso%2BSevilla.png\" style=\"margin-left: 1em; margin-right: 1em;\"><img loading=\"lazy\" decoding=\"async\" border=\"0\" data-original-height=\"571\" data-original-width=\"1380\" height=\"132\" src=\"https:\/\/4.bp.blogspot.com\/-SeroDXlsWtw\/WecFiphtLvI\/AAAAAAAAMXQ\/XKXXYxJ-1OYt2ezNDVLj52PwVQqvYlvEgCLcBGAs\/s320\/VIII%2BCongreso%2BSevilla.png\" width=\"320\"><\/a><\/div>\n<p><span style=\"color: #741b47; font-family: verdana, sans-serif;\">Llevo 3 d\u00edas participando activamente (bueno, todo lo activa que me permite mi tiempo) en los foros creados. La verdad es que no doy abasto. Hay muchas l\u00edneas de discusi\u00f3n abiertas, mucha informaci\u00f3n que digerir, mucho que compartir.<\/span><br \/>\n<span style=\"color: #741b47; font-family: verdana, sans-serif;\">Me estoy dando cuenta que siempre sucede lo mismo. Estoy en un congreso que, por lo que observo, mueve a mucha gente (no s\u00e9 cu\u00e1ntas somos las personas inscritas en realidad). Hombres y mujeres (me encanta) discutiendo, hablando, conversando, compartiendo sobre algo que nos preocupa: la violencia de g\u00e9nero, la violencia en definitiva y todo lo que la rodea y afecta. Pero somos eso, personas que ya tenemos una inquietud, que estamos sensibilizadas y que queremos cambiar la sociedad que nos rodea para que sea m\u00e1s igualitaria y no tengamos que lamentar asesinatos de mujeres ni de menores a manos de hombres que dec\u00edan sentir algo muy fuerte hacia ellas.<\/span><br \/>\n<span style=\"color: #741b47; font-family: verdana, sans-serif;\"><br \/>\n<\/span><span style=\"color: #741b47; font-family: verdana, sans-serif;\">En definitiva, y con esto acabo mi reflexi\u00f3n de hoy, \u00bfpor qu\u00e9 no dejamos de hablar tanto y actuamos de verdad?<\/span><\/p>\n<\/div>\n<div style=\"text-align: justify;\"><\/div>\n<div style=\"text-align: justify;\"><\/div>\n<div style=\"text-align: justify;\"><span style=\"color: #741b47; font-family: &quot;verdana&quot; , sans-serif;\"><span style=\"background-color: white;\"><br \/>\n<\/span><\/span><\/div>\n<div style=\"text-align: justify;\"><\/div>\n<div style=\"text-align: justify;\"><span style=\"color: #741b47; font-family: &quot;verdana&quot; , sans-serif;\"><span style=\"background-color: white;\"><br \/>\n<\/span><\/span><\/div>\n<div style=\"text-align: justify;\"><\/div>\n<div style=\"text-align: justify;\"><span style=\"color: #741b47; font-family: &quot;verdana&quot; , sans-serif;\"><span style=\"background-color: white;\"><br \/>\n<\/span><\/span><\/div>\n","protected":false},"excerpt":{"rendered":"<p>El a\u00f1o pasado me qued\u00e9 con ganas de participar en un Congreso que se realiza el Sevilla. De hecho, estuve viendo la posibilidad de marchar tres d\u00edas, y as\u00ed conocer mejor Sevilla, para participar en la parte presencial del mismo. Al final, por problemas econ\u00f3micos y por otros asuntos de agenda, me qued\u00e9 en Salamanca. &hellip; <a href=\"http:\/\/conseguiremoslaluna.es\/?p=48\" class=\"more-link\">Continuar leyendo<span class=\"screen-reader-text\"> \u00abMenos hablar y m\u00e1s actuar\u00bb<\/span><\/a><\/p>\n","protected":false},"author":2,"featured_media":0,"comment_status":"open","ping_status":"open","sticky":false,"template":"","format":"standard","meta":{"footnotes":""},"categories":[322,324,326,329],"tags":[],"class_list":["post-48","post","type-post","status-publish","format-standard","hentry","category-cultura","category-docencia","category-feminismo","category-viajes"],"_links":{"self":[{"href":"http:\/\/conseguiremoslaluna.es\/index.php?rest_route=\/wp\/v2\/posts\/48","targetHints":{"allow":["GET"]}}],"collection":[{"href":"http:\/\/conseguiremoslaluna.es\/index.php?rest_route=\/wp\/v2\/posts"}],"about":[{"href":"http:\/\/conseguiremoslaluna.es\/index.php?rest_route=\/wp\/v2\/types\/post"}],"author":[{"embeddable":true,"href":"http:\/\/conseguiremoslaluna.es\/index.php?rest_route=\/wp\/v2\/users\/2"}],"replies":[{"embeddable":true,"href":"http:\/\/conseguiremoslaluna.es\/index.php?rest_route=%2Fwp%2Fv2%2Fcomments&post=48"}],"version-history":[{"count":1,"href":"http:\/\/conseguiremoslaluna.es\/index.php?rest_route=\/wp\/v2\/posts\/48\/revisions"}],"predecessor-version":[{"id":392,"href":"http:\/\/conseguiremoslaluna.es\/index.php?rest_route=\/wp\/v2\/posts\/48\/revisions\/392"}],"wp:attachment":[{"href":"http:\/\/conseguiremoslaluna.es\/index.php?rest_route=%2Fwp%2Fv2%2Fmedia&parent=48"}],"wp:term":[{"taxonomy":"category","embeddable":true,"href":"http:\/\/conseguiremoslaluna.es\/index.php?rest_route=%2Fwp%2Fv2%2Fcategories&post=48"},{"taxonomy":"post_tag","embeddable":true,"href":"http:\/\/conseguiremoslaluna.es\/index.php?rest_route=%2Fwp%2Fv2%2Ftags&post=48"}],"curies":[{"name":"wp","href":"https:\/\/api.w.org\/{rel}","templated":true}]}}