{"id":503,"date":"2020-07-29T15:42:00","date_gmt":"2020-07-29T15:42:00","guid":{"rendered":""},"modified":"2020-09-23T17:35:38","modified_gmt":"2020-09-23T17:35:38","slug":"mujeres-relevantes-del-feminismo-soledad-murillo-de-la-vega","status":"publish","type":"post","link":"http:\/\/conseguiremoslaluna.es\/?p=503","title":{"rendered":"Mujeres relevantes del feminismo: Soledad Murillo de la Vega"},"content":{"rendered":"<p>Seg\u00fan la wikipedia: Soledad Murillo de la Vega nace en Madrid el 21 de abril de 1956. Es soci\u00f3loga feminista, a parte de investigadora y pol\u00edtica.&nbsp;<\/p>\n<p style=\"background-color: white; font-size: 14px; margin: 0.5em 0px;\">Desde el&nbsp;<a href=\"https:\/\/es.wikipedia.org\/wiki\/9_de_junio\" style=\"background: none; text-decoration-line: none;\" title=\"9 de junio\">9 de junio<\/a>&nbsp;de&nbsp;<a href=\"https:\/\/es.wikipedia.org\/wiki\/2018\" style=\"background: none; text-decoration-line: none;\" title=\"2018\">2018<\/a>&nbsp;hasta el&nbsp;<a href=\"https:\/\/es.wikipedia.org\/wiki\/15_de_enero\" style=\"background: none; text-decoration-line: none;\" title=\"15 de enero\">15 de enero<\/a>&nbsp;de&nbsp;<a href=\"https:\/\/es.wikipedia.org\/wiki\/2020\" style=\"background: none; text-decoration-line: none;\" title=\"2020\">2020<\/a>&nbsp;fue&nbsp;<a href=\"https:\/\/es.wikipedia.org\/wiki\/Secretar%C3%ADa_de_Estado_de_Igualdad\" style=\"background: none; text-decoration-line: none;\" title=\"Secretar\u00eda de Estado de Igualdad\">Secretaria de Estado de Igualdad<\/a>&nbsp;en el gobierno espa\u00f1ol de&nbsp;<a href=\"https:\/\/es.wikipedia.org\/wiki\/Pedro_S%C3%A1nchez\" style=\"background: none; text-decoration-line: none;\" title=\"Pedro S\u00e1nchez\">Pedro S\u00e1nchez<\/a>. De&nbsp;<a href=\"https:\/\/es.wikipedia.org\/wiki\/2004\" style=\"background: none; text-decoration-line: none;\" title=\"2004\">2004<\/a>&nbsp;a&nbsp;<a href=\"https:\/\/es.wikipedia.org\/wiki\/2008\" style=\"background: none; text-decoration-line: none;\" title=\"2008\">2008<\/a>&nbsp;fue secretaria general de Pol\u00edticas de Igualdad del&nbsp;<a href=\"https:\/\/es.wikipedia.org\/wiki\/Ministerio_de_Trabajo_y_Asuntos_Sociales_de_Espana\" style=\"background: none; text-decoration-line: none;\" title=\"Ministerio de Trabajo y Asuntos Sociales de Espana\">Ministerio de Trabajo y Asuntos Sociales de Espa\u00f1a<\/a>, ocupando el primer cargo pol\u00edtico en materia de&nbsp;<a href=\"https:\/\/es.wikipedia.org\/wiki\/Igualdad_de_g%C3%A9nero\" style=\"background: none; text-decoration-line: none;\" title=\"Igualdad de g\u00e9nero\">Igualdad<\/a>&nbsp;en el gobierno espa\u00f1ol de&nbsp;<a href=\"https:\/\/es.wikipedia.org\/wiki\/Jos%C3%A9_Luis_Rodr%C3%ADguez_Zapatero\" style=\"background: none; text-decoration-line: none;\" title=\"Jos\u00e9 Luis Rodr\u00edguez Zapatero\">Jos\u00e9 Luis Rodr\u00edguez Zapatero<\/a>. De 2009 a 2013 form\u00f3 parte del Comit\u00e9&nbsp;<a href=\"https:\/\/es.wikipedia.org\/wiki\/Convenci%C3%B3n_sobre_la_eliminaci%C3%B3n_de_todas_las_formas_de_discriminaci%C3%B3n_contra_la_mujer\" style=\"background: none; text-decoration-line: none;\" title=\"Convenci\u00f3n sobre la eliminaci\u00f3n de todas las formas de discriminaci\u00f3n contra la mujer\">CEDAW<\/a>&nbsp;(Comit\u00e9 Antidiscriminaci\u00f3n de la Mujer) de&nbsp;<a href=\"https:\/\/es.wikipedia.org\/wiki\/Organizaci%C3%B3n_de_las_Naciones_Unidas\" style=\"background: none; text-decoration-line: none;\" title=\"Organizaci\u00f3n de las Naciones Unidas\">Naciones Unidas<\/a>&nbsp;y de&nbsp;<a href=\"https:\/\/es.wikipedia.org\/wiki\/2011\" style=\"background: none; text-decoration-line: none;\" title=\"2011\">2011<\/a>&nbsp;a&nbsp;<a href=\"https:\/\/es.wikipedia.org\/wiki\/2015\" style=\"background: none; text-decoration-line: none;\" title=\"2015\">2015<\/a>&nbsp;fue concejala del Ayuntamiento de&nbsp;<a href=\"https:\/\/es.wikipedia.org\/wiki\/Salamanca\" style=\"background: none; text-decoration-line: none;\" title=\"Salamanca\">Salamanca<\/a>&nbsp;por el&nbsp;<a href=\"https:\/\/es.wikipedia.org\/wiki\/Partido_Socialista_Obrero_Espa%C3%B1ol\" style=\"background: none; text-decoration-line: none;\" title=\"Partido Socialista Obrero Espa\u00f1ol\">Partido Socialista Obrero Espa\u00f1ol<\/a>.<\/p>\n<p style=\"background-color: white; font-size: 14px; margin: 0.5em 0px;\">Es doctora en&nbsp;<a href=\"https:\/\/es.wikipedia.org\/wiki\/Sociolog%C3%ADa\" style=\"background: none; text-decoration-line: none;\" title=\"Sociolog\u00eda\">Sociolog\u00eda<\/a>&nbsp;por la&nbsp;<a href=\"https:\/\/es.wikipedia.org\/wiki\/Universidad_Complutense_de_Madrid\" style=\"background: none; text-decoration-line: none;\" title=\"Universidad Complutense de Madrid\">Universidad Complutense de Madrid<\/a>&nbsp;y profesora titular de la Departamento de Sociolog\u00eda y Comunicaci\u00f3n en la Facultad de Ciencias Sociales&nbsp;<a href=\"https:\/\/es.wikipedia.org\/wiki\/Universidad_de_Salamanca\" style=\"background: none; text-decoration-line: none;\" title=\"Universidad de Salamanca\">Universidad de Salamanca<\/a>&nbsp;donde promovi\u00f3 en 1998 el seminario de estudios de la Mujer e impuls\u00f3 el primer doctorado de G\u00e9nero. En sus investigaciones como soci\u00f3loga destacan sus trabajos sobre el an\u00e1lisis del tiempo de hombre y mujeres en cuanto a las tensiones que genera compatibilizar mercado de trabajo con vida familiar, analizando por qu\u00e9 es un problema femenino y no masculino dicha conciliaci\u00f3n y la investigaci\u00f3n sobre el asociacionismo en las organizaciones de mujeres.<\/p>\n<p style=\"background-color: white; font-size: 14px; margin: 0.5em 0px;\">En diversas publicaciones denuncia la devaluaci\u00f3n social del \u00e1mbito privado y dom\u00e9stico pese a la cantidad de horas invertidas a la producci\u00f3n de bienes y servicios del hogar, as\u00ed como a los cuidados de personas dependientes, que adem\u00e1s exige la existencia de un sujeto responsable de su organizaci\u00f3n, generalmente una mujer.&nbsp;Tambi\u00e9n la falta de privacidad y de \u00abtiempo propio\u00bb de las mujeres que dedican la mayor parte de su tiempo a obligaciones familiares y de cuidado de las personas de su entorno.<\/p>\n<p style=\"background-color: white; font-size: 14px; margin: 0.5em 0px;\">En 2003 dirigi\u00f3 el estudio&nbsp;<i>Ciudadan\u00eda activa: las Asociaciones de Mujeres en Espa\u00f1a<\/i>, con la participaci\u00f3n de 807 asociaciones de mujeres en el que se plantean las claves para avanzar hacia el di\u00e1logo civil entre los poderes p\u00fablicos y las asociaciones que dan cuerpo a los movimientos sociales e identifica las debilidades y los retos de las propias asociaciones.&nbsp;En el mismo denuncia c\u00f3mo los grupos de mujeres perciben el trato discriminatorio a que les someten los poderes p\u00fablicos y como resultado consideran que es habitual que los partidos pol\u00edticos no reconozcan los logros conseguidos por muy importantes que hayan sido o que hayan ayudado a crear bienestar social.<\/p>\n<p style=\"background-color: white; font-size: 14px; margin: 0.5em 0px;\"><\/p>\n<p style=\"background-color: white; font-size: 14px; margin: 0.5em 0px;\">Pero Soledad Murillo de la Vega, en mi opini\u00f3n, es mucho m\u00e1s. Es una mujer brillante, luchadora, inteligente, responsable y dedicada en cuerpo y alma a lo que le gusta y en lo que cree.<\/p>\n<p style=\"background-color: white; font-size: 14px; margin: 0.5em 0px;\">Para m\u00ed ha sido mi gu\u00eda acad\u00e9mica en los momentos m\u00e1s dif\u00edciles. Una inmensa mujer que ha hecho mucho por el feminismo en Espa\u00f1a y por los derechos de las mujeres.<\/p>\n","protected":false},"excerpt":{"rendered":"<p>Seg\u00fan la wikipedia: Soledad Murillo de la Vega nace en Madrid el 21 de abril de 1956. Es soci\u00f3loga feminista, a parte de investigadora y pol\u00edtica.&nbsp; Desde el&nbsp;9 de junio&nbsp;de&nbsp;2018&nbsp;hasta el&nbsp;15 de enero&nbsp;de&nbsp;2020&nbsp;fue&nbsp;Secretaria de Estado de Igualdad&nbsp;en el gobierno espa\u00f1ol de&nbsp;Pedro S\u00e1nchez. De&nbsp;2004&nbsp;a&nbsp;2008&nbsp;fue secretaria general de Pol\u00edticas de Igualdad del&nbsp;Ministerio de Trabajo y Asuntos Sociales &hellip; <a href=\"http:\/\/conseguiremoslaluna.es\/?p=503\" class=\"more-link\">Continuar leyendo<span class=\"screen-reader-text\"> \u00abMujeres relevantes del feminismo: Soledad Murillo de la Vega\u00bb<\/span><\/a><\/p>\n","protected":false},"author":2,"featured_media":0,"comment_status":"open","ping_status":"open","sticky":false,"template":"","format":"standard","meta":{"footnotes":""},"categories":[1],"tags":[],"class_list":["post-503","post","type-post","status-publish","format-standard","hentry","category-uncategorized"],"_links":{"self":[{"href":"http:\/\/conseguiremoslaluna.es\/index.php?rest_route=\/wp\/v2\/posts\/503","targetHints":{"allow":["GET"]}}],"collection":[{"href":"http:\/\/conseguiremoslaluna.es\/index.php?rest_route=\/wp\/v2\/posts"}],"about":[{"href":"http:\/\/conseguiremoslaluna.es\/index.php?rest_route=\/wp\/v2\/types\/post"}],"author":[{"embeddable":true,"href":"http:\/\/conseguiremoslaluna.es\/index.php?rest_route=\/wp\/v2\/users\/2"}],"replies":[{"embeddable":true,"href":"http:\/\/conseguiremoslaluna.es\/index.php?rest_route=%2Fwp%2Fv2%2Fcomments&post=503"}],"version-history":[{"count":1,"href":"http:\/\/conseguiremoslaluna.es\/index.php?rest_route=\/wp\/v2\/posts\/503\/revisions"}],"predecessor-version":[{"id":522,"href":"http:\/\/conseguiremoslaluna.es\/index.php?rest_route=\/wp\/v2\/posts\/503\/revisions\/522"}],"wp:attachment":[{"href":"http:\/\/conseguiremoslaluna.es\/index.php?rest_route=%2Fwp%2Fv2%2Fmedia&parent=503"}],"wp:term":[{"taxonomy":"category","embeddable":true,"href":"http:\/\/conseguiremoslaluna.es\/index.php?rest_route=%2Fwp%2Fv2%2Fcategories&post=503"},{"taxonomy":"post_tag","embeddable":true,"href":"http:\/\/conseguiremoslaluna.es\/index.php?rest_route=%2Fwp%2Fv2%2Ftags&post=503"}],"curies":[{"name":"wp","href":"https:\/\/api.w.org\/{rel}","templated":true}]}}