{"id":509,"date":"2020-04-19T11:53:00","date_gmt":"2020-04-19T11:53:00","guid":{"rendered":""},"modified":"2020-09-23T17:35:59","modified_gmt":"2020-09-23T17:35:59","slug":"diario-de-una-pandemia","status":"publish","type":"post","link":"http:\/\/conseguiremoslaluna.es\/?p=509","title":{"rendered":"Diario de una pandemia"},"content":{"rendered":"<div style=\"text-align: justify;\"><span style=\"color: #741b47; font-family: Verdana, sans-serif;\">Como ha escrito Marwan en su cuenta de Twitter\/Instagram: \u00abya podemos decir que nos han robado el mes de abril\u00bb.<\/span><\/div>\n<div style=\"clear: both; text-align: center;\"><a href=\"http:\/\/conseguiremoslaluna.es\/wp-content\/uploads\/2020\/04\/Conjunto-2Bde-2Bfiestas_Modesto-2BGarc-25C3-25ADa.jpg\" style=\"clear: left; float: left; margin-bottom: 1em; margin-right: 1em;\"><img loading=\"lazy\" decoding=\"async\" border=\"0\" data-original-height=\"1200\" data-original-width=\"1106\" height=\"200\" src=\"http:\/\/conseguiremoslaluna.es\/wp-content\/uploads\/2020\/04\/Conjunto-2Bde-2Bfiestas_Modesto-2BGarc-25C3-25ADa-277x300.jpg\" width=\"183\" \/><\/a><\/div>\n<div style=\"text-align: justify;\"><span style=\"color: #741b47; font-family: Verdana, sans-serif;\"><br \/><\/span><\/div>\n<div style=\"text-align: justify;\"><span style=\"color: #741b47; font-family: Verdana, sans-serif;\">El meme que circula por ah\u00ed que dice que en septiembre se celebrar\u00e1 la Semana Santa, la Feria de Abril, el Orgullo, etc. cada vez cobra m\u00e1s fuerza. Tendremos que a\u00f1adir otras festividades como el D\u00eda del Padre, el D\u00eda de la Madre (para quienes no lo celebren en el Puente de la Inmaculada Constituci\u00f3n), el d\u00eda de San Jordi o el d\u00eda del Libro, la Feria del Libro; junto con cumplea\u00f1os de personas que lo hayan celebrado en la soledad del \u00abconfitamiento\u00bb (como dice otro buen amigo dramaturgo y actor).&nbsp;<\/span><\/div>\n<div style=\"text-align: justify;\"><a href=\"http:\/\/conseguiremoslaluna.es\/wp-content\/uploads\/2020\/04\/lunes-2Bde-2Baguas-2B2020.jpg\" style=\"clear: right; float: right; margin-bottom: 1em; margin-left: 1em;\"><img decoding=\"async\" border=\"0\" data-original-height=\"325\" data-original-width=\"155\" src=\"http:\/\/conseguiremoslaluna.es\/wp-content\/uploads\/2020\/04\/lunes-2Bde-2Baguas-2B2020.jpg\" \/><\/a><span style=\"color: #741b47; font-family: Verdana, sans-serif;\"><br \/><\/span><\/div>\n<div style=\"text-align: justify;\"><span style=\"color: #741b47; font-family: Verdana, sans-serif;\">En Salamanca, tambi\u00e9n pospondremos la celebraci\u00f3n de El Lunes de Aguas. Ya nos juntaremos, con el buen tiempo, en el campo, al aire libre, con familia y amistades para comer juntos el hornazo; este manjar tan t\u00edpicamente charro. Dejando de lado, el origen de la celebraci\u00f3n porque lo que nos interesa es el reunirnos en torno al \u00abcomercio y el bebercio\u00bb, as\u00ed, sin m\u00e1s.<\/span><\/div>\n<div style=\"text-align: justify;\"><span style=\"color: #741b47; font-family: Verdana, sans-serif;\"><br \/><\/span><\/div>\n<div style=\"text-align: justify;\"><span style=\"color: #741b47; font-family: Verdana, sans-serif;\">Mi aislamiento por este bicho que nos est\u00e1 dando un tremendo toque de atenci\u00f3n, comenz\u00f3 m\u00e1s tarde que el de otras personas (incluidos mi hermana, mi hermano y sus respectivas familias). Cuando todo esto explosion\u00f3, yo sal\u00eda una vez al d\u00eda para dirigirme al hospital y hacer de cuidadora del ser m\u00e1s maravilloso que ha pisado esta tierra (cada cual dir\u00e1 lo mismo de su abuela o su abuelo). Pero, eso s\u00ed, cuando terminaba mi turno hospitalario, rapidito a casa.<\/span><\/div>\n<div style=\"text-align: justify;\"><span style=\"color: #741b47; font-family: Verdana, sans-serif;\"><br \/><\/span><\/div>\n<div style=\"text-align: justify;\"><span style=\"color: #741b47; font-family: Verdana, sans-serif;\">Alguien podr\u00eda pensar que es una suerte haber podido salir de casa. Puede ser. Al menos algo de calle y, al final, de campo, lograba ver al d\u00eda. Respirar aire puro nunca viene mal. Pero el pasar un turno de casi 8 horas en el hospital cuidando, pasando de estar de pie a la silla o el sill\u00f3n, no es precisamente entretenido. Se hace largo, eterno&#8230; A nivel psicol\u00f3gico y emocional, te hace trizas. Tambi\u00e9n hay que a\u00f1adir el estado de la persona a la que cuidas. Yo, personalmente, ca\u00eda rendida en la cama cuando no ten\u00eda turno de noche. Dorm\u00eda pl\u00e1cidamente, cosa que no me ocurre ahora, cuando llevo m\u00e1s de 1 mes sin salir de casa.<\/span><\/div>\n<div style=\"text-align: justify;\"><span style=\"color: #741b47; font-family: Verdana, sans-serif;\"><br \/><\/span><\/div>\n<div style=\"text-align: justify;\"><span style=\"color: #741b47; font-family: Verdana, sans-serif;\">El aislamiento, o \u00abconfitamiento\u00bb, lo paso acompa\u00f1ada. \u00c9sa es la suerte. Como me dijo un amigo: tengo con quien discutir. Mi acompa\u00f1ante se pasa la mayor parte del tiempo encerrada en su cueva particular, nos vemos en las comidas, eso s\u00ed, aunque no siempre. Todo depende del estado de \u00e1nimo que se tenga. Ahora las risas en nuestros momentos de locura, no las cambio por nada.<\/span><\/div>\n<div style=\"text-align: justify;\"><span style=\"color: #741b47; font-family: Verdana, sans-serif;\"><br \/><\/span><\/div>\n<div style=\"text-align: justify;\"><span style=\"color: #741b47; font-family: Verdana, sans-serif;\">El vaiv\u00e9n emocional es bastante curioso. Empec\u00e9 con motivaci\u00f3n: podr\u00eda hacer todo aquello que siempre pospon\u00eda por falta de tiempo, por dar prioridad a otras cosas, por dejadez, por&#8230; Ahora no hab\u00eda excusa. Menos limpiar a conciencia toda la casa (siempre he sido la \u00aboveja negra\u00bb), cualquier cosa. A\u00fan sigo teniendo cosas pendientes que me impide realizar el tiempo lluvioso o la falta de material (chica poco previsora de una pandemia mundial).<\/span><\/div>\n<div style=\"text-align: justify;\"><span style=\"color: #741b47; font-family: Verdana, sans-serif;\"><br \/><\/span><\/div>\n<div style=\"text-align: justify;\"><span style=\"color: #741b47; font-family: Verdana, sans-serif;\">Pues eso, que este confinamiento lo empec\u00e9 relativamente bien. Estaba ocupada. Cursos, manualidades, tareas pendientes&#8230; Pero al final, el cambio de rutina ha hecho mella. De nada sirve el ejercicio en casa (qui\u00e9n me lo iba a decir a m\u00ed), las risas con mi compa\u00f1era de vida, las pel\u00edculas, las series (de ayer, de hoy y de siempre), los libros&#8230;&nbsp;<\/span><\/div>\n<div style=\"text-align: justify;\"><span style=\"color: #741b47; font-family: Verdana, sans-serif;\">Ya no duermo tan pl\u00e1cidamente. Lloro d\u00eda s\u00ed, d\u00eda tambi\u00e9n. Hay d\u00edas que me paso m\u00e1s tiempo con los ojos encharcados en l\u00e1grimas que con ellos secos. El ver las fotos de la familia; el no sentir abrazos, besos; las conversaciones sin mascarillas de por medio; tener miedo de salir a la calle; la preocupaci\u00f3n por la gente a la que quieres; el no tener la libertad de movimiento que tantas veces no hemos valorado&#8230;<\/span><\/div>\n<div style=\"clear: both; text-align: center;\"><a href=\"http:\/\/conseguiremoslaluna.es\/wp-content\/uploads\/2020\/04\/decoration-2112037_1920.jpg\" style=\"margin-left: 1em; margin-right: 1em;\"><img loading=\"lazy\" decoding=\"async\" border=\"0\" data-original-height=\"1600\" data-original-width=\"1200\" height=\"200\" src=\"http:\/\/conseguiremoslaluna.es\/wp-content\/uploads\/2020\/04\/decoration-2112037_1920-225x300.jpg\" width=\"150\" \/><\/a><\/div>\n<div style=\"text-align: justify;\"><span style=\"color: #741b47; font-family: Verdana, sans-serif;\"><br \/><\/span><\/div>\n<div style=\"text-align: justify;\"><span style=\"color: #741b47; font-family: Verdana, sans-serif;\">El primer pensamiento que me vino a la mente es la c\u00e1rcel. En su momento, por una actividad de voluntariado, visit\u00e9 la c\u00e1rcel de Topas (no se vale la broma f\u00e1cil). Cuando sal\u00ed, dije que una y no m\u00e1s.<\/span><\/div>\n<div style=\"text-align: justify;\"><span style=\"color: #741b47; font-family: Verdana, sans-serif;\">Pero pienso que estamos en nuestra c\u00e1rcel particular porque no tenemos libertad para movernos, para hacer otras cosas diferentes.&nbsp;<\/span><\/div>\n<div style=\"text-align: justify;\"><span style=\"color: #741b47; font-family: Verdana, sans-serif;\">Creo que hay que plantearse la reinsercici\u00f3n y la reeducaci\u00f3n. Sinceramente lo digo.<\/span><\/div>\n<div style=\"text-align: justify;\"><span style=\"color: #741b47; font-family: Verdana, sans-serif;\"><br \/><\/span><\/div>\n<div style=\"text-align: justify;\"><span style=\"color: #741b47; font-family: Verdana, sans-serif;\">Esta pandemia mundial nos est\u00e1 dando la oportunidad de cambiar nuestras prioridades, de modificar h\u00e1bitos que nos vienen bien a nivel individual pero, tambi\u00e9n, a nivel global. Tenemos que cuidarNOS cada persona, para CUIDAR al resto, al Planeta, a nuestro entorno. Es por nuestro propio bien y por el futuro en el que estaremos o no. Pero tenemos que pensar que realizar algunos cambios en nuestro d\u00eda a d\u00eda, har\u00e1 que tengamos un presente mejor.<\/span><\/div>\n<div style=\"text-align: justify;\"><span style=\"color: #741b47; font-family: Verdana, sans-serif;\"><br \/><\/span><\/div>\n<div style=\"text-align: justify;\"><span style=\"color: #741b47; font-family: Verdana, sans-serif;\">De momento, tendremos que seguir en nuestra c\u00e1rcel particular un par de semanas m\u00e1s. Pero pienso en que mis sobris, con mucho cuidado y responsabilidad por parte de sus madres y padres, podr\u00e1n salir un poco a estirar las piernas, a correr, a tomar aire puro&#8230; Porque s\u00ed, volvemos a tener un aire m\u00e1s limpio en las ciudades.<\/span><\/div>\n<div style=\"text-align: justify;\"><span style=\"color: #741b47; font-family: Verdana, sans-serif;\"><br \/><\/span><\/div>\n<div style=\"text-align: justify;\"><span style=\"color: #741b47; font-family: Verdana, sans-serif;\">\u00bfNo os da qu\u00e9 pensar?<\/span><\/div>\n<div style=\"text-align: justify;\"><span style=\"color: #741b47; font-family: Verdana, sans-serif;\"><br \/><\/span><\/div>\n<div style=\"text-align: justify;\"><span style=\"color: #741b47; font-family: Verdana, sans-serif;\">Seguiremos informando.<\/span><\/div>\n<div style=\"text-align: justify;\"><span style=\"color: #741b47; font-family: Verdana, sans-serif;\"><br \/><\/span><\/div>\n<div style=\"text-align: justify;\"><span style=\"color: #741b47; font-family: Verdana, sans-serif;\">Rozal\u00e9n: \u00abAves enjauladas\u00bb<\/span><\/div>\n<div style=\"text-align: justify;\"><span style=\"color: #741b47; font-family: Verdana, sans-serif;\"><br \/><\/span><\/div>\n<div style=\"clear: both; text-align: center;\"><iframe loading=\"lazy\" width=\"320\" height=\"266\" data-thumbnail-src=\"https:\/\/i.ytimg.com\/vi\/B9rfD5WEJXM\/0.jpg\" src=\"https:\/\/www.youtube.com\/embed\/B9rfD5WEJXM?feature=player_embedded\" frameborder=\"0\" allowfullscreen><\/iframe><\/div>\n<div style=\"text-align: justify;\"><\/div>\n<div style=\"text-align: justify;\"><\/div>\n","protected":false},"excerpt":{"rendered":"<p>Como ha escrito Marwan en su cuenta de Twitter\/Instagram: \u00abya podemos decir que nos han robado el mes de abril\u00bb. El meme que circula por ah\u00ed que dice que en septiembre se celebrar\u00e1 la Semana Santa, la Feria de Abril, el Orgullo, etc. cada vez cobra m\u00e1s fuerza. Tendremos que a\u00f1adir otras festividades como el &hellip; <a href=\"http:\/\/conseguiremoslaluna.es\/?p=509\" class=\"more-link\">Continuar leyendo<span class=\"screen-reader-text\"> \u00abDiario de una pandemia\u00bb<\/span><\/a><\/p>\n","protected":false},"author":2,"featured_media":540,"comment_status":"open","ping_status":"open","sticky":false,"template":"","format":"standard","meta":{"footnotes":""},"categories":[1],"tags":[],"class_list":["post-509","post","type-post","status-publish","format-standard","has-post-thumbnail","hentry","category-uncategorized"],"_links":{"self":[{"href":"http:\/\/conseguiremoslaluna.es\/index.php?rest_route=\/wp\/v2\/posts\/509","targetHints":{"allow":["GET"]}}],"collection":[{"href":"http:\/\/conseguiremoslaluna.es\/index.php?rest_route=\/wp\/v2\/posts"}],"about":[{"href":"http:\/\/conseguiremoslaluna.es\/index.php?rest_route=\/wp\/v2\/types\/post"}],"author":[{"embeddable":true,"href":"http:\/\/conseguiremoslaluna.es\/index.php?rest_route=\/wp\/v2\/users\/2"}],"replies":[{"embeddable":true,"href":"http:\/\/conseguiremoslaluna.es\/index.php?rest_route=%2Fwp%2Fv2%2Fcomments&post=509"}],"version-history":[{"count":1,"href":"http:\/\/conseguiremoslaluna.es\/index.php?rest_route=\/wp\/v2\/posts\/509\/revisions"}],"predecessor-version":[{"id":543,"href":"http:\/\/conseguiremoslaluna.es\/index.php?rest_route=\/wp\/v2\/posts\/509\/revisions\/543"}],"wp:featuredmedia":[{"embeddable":true,"href":"http:\/\/conseguiremoslaluna.es\/index.php?rest_route=\/wp\/v2\/media\/540"}],"wp:attachment":[{"href":"http:\/\/conseguiremoslaluna.es\/index.php?rest_route=%2Fwp%2Fv2%2Fmedia&parent=509"}],"wp:term":[{"taxonomy":"category","embeddable":true,"href":"http:\/\/conseguiremoslaluna.es\/index.php?rest_route=%2Fwp%2Fv2%2Fcategories&post=509"},{"taxonomy":"post_tag","embeddable":true,"href":"http:\/\/conseguiremoslaluna.es\/index.php?rest_route=%2Fwp%2Fv2%2Ftags&post=509"}],"curies":[{"name":"wp","href":"https:\/\/api.w.org\/{rel}","templated":true}]}}