{"id":729,"date":"2022-04-05T07:52:37","date_gmt":"2022-04-05T07:52:37","guid":{"rendered":"http:\/\/conseguiremoslaluna.es\/?p=729"},"modified":"2022-04-05T07:52:37","modified_gmt":"2022-04-05T07:52:37","slug":"incendiaria","status":"publish","type":"post","link":"http:\/\/conseguiremoslaluna.es\/?p=729","title":{"rendered":"Incendiaria"},"content":{"rendered":"\n<p>Mi hija me regal\u00f3 un Pulpo pop-it para que, en los momentos de estr\u00e9s, le d\u00e9 a los puntitos para desestresar y \u00abno la l\u00edes, mam\u00e1\u00bb. Me llam\u00f3 incendiaria.<\/p>\n\n\n\n<p>No entiendo el motivo. Yo s\u00f3lo expres\u00e9 en redes sociales una idea, un sentimiento que me gener\u00f3 las elecciones auton\u00f3micas. Ni m\u00e1s m\u00e1s, ni m\u00e1s menos.<\/p>\n\n\n\n<p>Incendiaria.<\/p>\n\n\n\n<p>Como si hubiera salido a la calle a quemar contenedores. O me hubiera quitado el sujetador en medio de la calle y le hubiese prendido fuego.<\/p>\n\n\n\n<p>Tengo el alma hippie, pero, de momento, no llego a tanto.<\/p>\n\n\n\n<p>S\u00ed es cierto que hay determinadas situaciones que me remueven demasiado por dentro y que me provocan malestar, ganas de llorar a mares (que lo hago), ganas de alzar la voz y gritar, de quitar de un manotazo a quien est\u00e1 dejando hacer cosas que entiendo que son inhumanas, malvadas y poco coherentes.<\/p>\n\n\n\n<p>Ayer present\u00e9 el libro en mi barrio, en la biblioteca de La Vega. En este barrio de casitas blancas que tan buenos recuerdos me trae: fiestas en septiembre bailando, rotura de dedo por culpa de unos petardos, noches de verano de confidencias,&#8230; <\/p>\n\n\n\n<p>Iba con miedo por si no iba gente. Sab\u00eda de personas de mi entorno que al final no podr\u00edan ir. Pero las expectativas se cumplieron con creces. Lo de la venta de libros ya es otra historia. Por lo menos estuvimos casi dos horas conversando (y porque cort\u00e9). Intent\u00e9 responder a todas las preguntas que me hicieron, dar informaci\u00f3n veraz y aut\u00e9ntica, cuestionar&#8230;<\/p>\n\n\n\n<p>Incendiaria.<\/p>\n\n\n\n<p>Fijo que eso me hubiese dicho mi hija (toda preocupada porque no fuera gente) si me hubiese escuchado contestar a la pregunta sobre PP-VOX en Castilla y Le\u00f3n.<\/p>\n\n\n\n<p>S\u00ed. Lo siento. Pienso que lo tenemos jodido todas las personas que nos dediquemos a lo social con este binomio en el poder auton\u00f3mico. Pienso que vamos a retroceder muchos pasos en materia de igualdad (en todos los aspectos) en los pr\u00f3ximos 4 a\u00f1os. Es mi sentimiento y creo que no me voy a equivocar, desgraciadamente.<\/p>\n\n\n\n<p>Por mucho que digan que la igualdad no se toca. Es la primera moneda de cambio cuando quieren agarrarse con firmeza al asiento de gobierno. Les ha faltado poco. Y se siguen jactando que durante su gobierno (35 a\u00f1os llevan y lo que te rondar\u00e9 morena) se ha aumentado la partida presupuestaria para los temas de igualdad. Lo que no dicen es que previamente, estos temas, hab\u00edan sufrido un recorte presupuestario que a\u00fan no se ha recuperado, que no cierran centros de emergencia para las mujeres que sufren violencia de g\u00e9nero, que no hay recursos suficientes en los pueblos, en el medio rural, que no se destinan recursos econ\u00f3micos ni humanos para trabajar, de forma transversal, la igualdad, que siguen ahogando econ\u00f3micamente y exigiendo a las entidades del tercer sector para ponerse medallitas&#8230;<\/p>\n\n\n\n<p>Incendiaria. S\u00ed, lo soy. Porque como dice mi \u00abjefa\u00bb en Cruz Roja: soy una abogada (licenciada en Derecho m\u00e1s bien) que le mueve m\u00e1s lo social que lo jur\u00eddico.<\/p>\n\n\n\n<p>En el siguiente link pod\u00e9is leer un resumen que ha hecho Nati Cabezas sobre la presentaci\u00f3n de ayer en la biblioteca municipal del Barrio de La Vega: <a href=\"https:\/\/www.quitalamordaza.com\/2022\/03\/raquel-lopez-merchan-nos-presenta-su.html\">https:\/\/www.quitalamordaza.com\/2022\/03\/raquel-lopez-merchan-nos-presenta-su.html<\/a><\/p>\n","protected":false},"excerpt":{"rendered":"<p>Mi hija me regal\u00f3 un Pulpo pop-it para que, en los momentos de estr\u00e9s, le d\u00e9 a los puntitos para desestresar y \u00abno la l\u00edes, mam\u00e1\u00bb. Me llam\u00f3 incendiaria. No entiendo el motivo. Yo s\u00f3lo expres\u00e9 en redes sociales una idea, un sentimiento que me gener\u00f3 las elecciones auton\u00f3micas. Ni m\u00e1s m\u00e1s, ni m\u00e1s menos. &hellip; <a href=\"http:\/\/conseguiremoslaluna.es\/?p=729\" class=\"more-link\">Continuar leyendo<span class=\"screen-reader-text\"> \u00abIncendiaria\u00bb<\/span><\/a><\/p>\n","protected":false},"author":2,"featured_media":730,"comment_status":"open","ping_status":"open","sticky":false,"template":"","format":"standard","meta":{"footnotes":""},"categories":[321,322,326,328],"tags":[],"class_list":["post-729","post","type-post","status-publish","format-standard","has-post-thumbnail","hentry","category-asociaciones-y-ongs","category-cultura","category-feminismo","category-prensa"],"_links":{"self":[{"href":"http:\/\/conseguiremoslaluna.es\/index.php?rest_route=\/wp\/v2\/posts\/729","targetHints":{"allow":["GET"]}}],"collection":[{"href":"http:\/\/conseguiremoslaluna.es\/index.php?rest_route=\/wp\/v2\/posts"}],"about":[{"href":"http:\/\/conseguiremoslaluna.es\/index.php?rest_route=\/wp\/v2\/types\/post"}],"author":[{"embeddable":true,"href":"http:\/\/conseguiremoslaluna.es\/index.php?rest_route=\/wp\/v2\/users\/2"}],"replies":[{"embeddable":true,"href":"http:\/\/conseguiremoslaluna.es\/index.php?rest_route=%2Fwp%2Fv2%2Fcomments&post=729"}],"version-history":[{"count":1,"href":"http:\/\/conseguiremoslaluna.es\/index.php?rest_route=\/wp\/v2\/posts\/729\/revisions"}],"predecessor-version":[{"id":731,"href":"http:\/\/conseguiremoslaluna.es\/index.php?rest_route=\/wp\/v2\/posts\/729\/revisions\/731"}],"wp:featuredmedia":[{"embeddable":true,"href":"http:\/\/conseguiremoslaluna.es\/index.php?rest_route=\/wp\/v2\/media\/730"}],"wp:attachment":[{"href":"http:\/\/conseguiremoslaluna.es\/index.php?rest_route=%2Fwp%2Fv2%2Fmedia&parent=729"}],"wp:term":[{"taxonomy":"category","embeddable":true,"href":"http:\/\/conseguiremoslaluna.es\/index.php?rest_route=%2Fwp%2Fv2%2Fcategories&post=729"},{"taxonomy":"post_tag","embeddable":true,"href":"http:\/\/conseguiremoslaluna.es\/index.php?rest_route=%2Fwp%2Fv2%2Ftags&post=729"}],"curies":[{"name":"wp","href":"https:\/\/api.w.org\/{rel}","templated":true}]}}