{"id":78,"date":"2016-02-08T10:24:00","date_gmt":"2016-02-08T10:24:00","guid":{"rendered":"http:\/\/conseguiremoslaluna.es\/?p=78"},"modified":"2020-05-01T16:43:38","modified_gmt":"2020-05-01T16:43:38","slug":"mas-sensibilizacion-y-prevencion","status":"publish","type":"post","link":"http:\/\/conseguiremoslaluna.es\/?p=78","title":{"rendered":"M\u00e1s sensibilizaci\u00f3n y prevenci\u00f3n&#8230;"},"content":{"rendered":"<p><a href=\"https:\/\/1.bp.blogspot.com\/-vKxUU0TOc6Y\/Vrhl06ADtHI\/AAAAAAAAF00\/aA3ySaAOrDs\/s1600\/adavas%2Bsalamanca.jpeg\" style=\"clear: left; float: left; margin-bottom: 1em; margin-right: 1em;\"><img loading=\"lazy\" decoding=\"async\" border=\"0\" height=\"200\" src=\"https:\/\/1.bp.blogspot.com\/-vKxUU0TOc6Y\/Vrhl06ADtHI\/AAAAAAAAF00\/aA3ySaAOrDs\/s200\/adavas%2Bsalamanca.jpeg\" width=\"200\"><\/a><span style=\"color: #741b47; font-family: Arial, Helvetica, sans-serif; text-align: justify;\">La gente que me conoce sabe, y quien ha le\u00eddo este blog tambi\u00e9n, que colaboro, desde hace ya 3 cursos acad\u00e9micos, con la asociaci\u00f3n salmantina ADAVAS (<\/span><a href=\"http:\/\/www.adavas-salamanca.org\/\" style=\"font-family: Arial, Helvetica, sans-serif; text-align: justify;\" target=\"_blank\" rel=\"noopener noreferrer\">http:\/\/www.adavas-salamanca.org\/<\/a>)<span style=\"color: #741b47; font-family: Arial, Helvetica, sans-serif; text-align: justify;\">&nbsp;impartiendo talleres en colegios e institutos de la provincia de Salamanca y alrededores.&nbsp;<\/span><\/p>\n<div style=\"text-align: justify;\"><span style=\"color: #741b47; font-family: Arial, Helvetica, sans-serif;\"><br \/>\n<\/span><\/div>\n<div style=\"text-align: justify;\"><span style=\"color: #741b47; font-family: Arial, Helvetica, sans-serif;\">Este curso finalizo pronto. S\u00f3lo me queda una sesi\u00f3n con dos grupos del IES Calisto y Melibea de Santa Marta de Tormes. La semana pasada les recomend\u00e9 ver el programa de Salvados titulado \u00ab<b>El machismo mata<\/b>\u00bb que da comienzo a la nueva temporada.&nbsp;<\/span><\/div>\n<div style=\"text-align: justify;\"><span style=\"color: #741b47; font-family: Arial, Helvetica, sans-serif;\">Anoche me sent\u00e9 tranquilamente, despu\u00e9s de haber estado dando a las tabulaciones durante m\u00e1s de 1 hora y media, para ver c\u00f3mo abordaba el equipo de la Sexta el tema de la violencia de g\u00e9nero.<\/span><\/div>\n<div style=\"text-align: justify;\"><span style=\"color: #741b47; font-family: Arial, Helvetica, sans-serif;\"><br \/>\n<\/span><\/div>\n<div style=\"text-align: justify;\"><span style=\"color: #741b47; font-family: Arial, Helvetica, sans-serif;\">Sinceramente, no me defraud\u00f3. Al contrario, me pareci\u00f3 corto. Me qued\u00e9 con ganas de m\u00e1s. Se pudo escuchar la visi\u00f3n de una jueza de Barcelona que diariamente ve y escucha a mujeres que han sufrido la violencia de g\u00e9nero por parte de sus parejas o ex parejas; tambi\u00e9n pudimos escuchar a un psic\u00f3logo que trabaja con maltratadores, lo cual no es buena publicidad y, aunque quiz\u00e1s no comparto las terapias con estos \u00abseres\u00bb, s\u00ed estoy de acuerdo con lo que dijo sobre que hay que trabajar con ellos para que no vuelvan a hacerlo (o al menos intentarlo), porque si no se hace, volver\u00e1n a agredir a otra mujer y ese germen de violencia anidar\u00e1 en otras personas; tambi\u00e9n pudimos escuchar a una chica que vivi\u00f3 esta situaci\u00f3n durante 4 largos a\u00f1os y, ahora, a trav\u00e9s de una asociaci\u00f3n, se encarga de ir por institutos impartiendo talleres para concienciar a la juventud sobre la violencia de g\u00e9nero.<\/span><\/div>\n<div style=\"text-align: justify;\"><span style=\"color: #741b47; font-family: Arial, Helvetica, sans-serif;\"><br \/>\n<\/span><\/div>\n<div style=\"text-align: justify;\"><span style=\"color: #741b47; font-family: Arial, Helvetica, sans-serif;\">No es por alardear, pero me vi reflejada en casi cada palabra que escuch\u00e9, porque es el mensaje que yo trato de transmitir a los\/as adolescentes. De hecho, tanto Marina (la chica que imparte los talleres) como yo, usamos la misma canci\u00f3n de Mal\u00fa para hablar de posesi\u00f3n, control y sumisi\u00f3n. \u00bfPor qu\u00e9 ser\u00e1?<\/span><\/div>\n<div style=\"text-align: justify;\"><span style=\"color: #741b47; font-family: Arial, Helvetica, sans-serif;\"><br \/>\n<\/span><\/div>\n<div style=\"text-align: justify;\"><span style=\"color: #741b47; font-family: Arial, Helvetica, sans-serif;\">En el siguiente enlace os comparto la canci\u00f3n de Mal\u00fa, \u00abToda\u00bb, con la letra incluida para que pod\u00e1is hacer un an\u00e1lisis de ella y del mensaje que transmite:<\/span><\/div>\n<div style=\"text-align: justify;\"><span style=\"color: #741b47; font-family: Arial, Helvetica, sans-serif;\"><a href=\"https:\/\/www.youtube.com\/watch?v=hkuV3uT48Eg\" target=\"_blank\" rel=\"noopener noreferrer\">https:\/\/www.youtube.com\/watch?v=hkuV3uT48Eg<\/a><\/span><\/div>\n<div style=\"text-align: justify;\"><\/div>\n<div style=\"text-align: justify;\"><span style=\"color: #741b47; font-family: Arial, Helvetica, sans-serif;\">Despu\u00e9s de terminar el programa, me puse a teclear en el m\u00f3vil para \u00abwhatsappear\u00bb con diferentes personas para saber si hab\u00edan visto el programa y qu\u00e9 les hab\u00eda parecido. Creo que coincidimos a la hora de considerar que se qued\u00f3 corto. A m\u00e1s de uno\/a se nos encogieron las entra\u00f1as. La t\u00f3nica general es la necesidad de trabajar de continuo en las escuelas e institutos el tema de la igualdad y la no violencia. Tiene que ser un tema transversal, que est\u00e9 incluido en cada asignatura o, al menos, darle el espacio que se merece.&nbsp;<\/span><\/div>\n<div style=\"text-align: justify;\"><span style=\"color: #741b47; font-family: Arial, Helvetica, sans-serif;\"><br \/>\n<\/span><\/div>\n<div style=\"text-align: justify;\"><span style=\"color: #741b47; font-family: Arial, Helvetica, sans-serif;\">Pablo Iglesias comentaba en un tweet: \u00abNecesitamos a mucha gente como Marina dando talleres en escuelas, universidades y hasta en las instituciones\u00bb. Existe gente que realiza esta labor, pero, desgraciadamente, no se llega a todos los lugares porque no existen medios materiales, econ\u00f3micos y humanos suficientes para hacerlo. Tambi\u00e9n considero, siendo mi opini\u00f3n, que a\u00fan hay mucho camino por recorrer, como dec\u00eda Marina anoche, porque existen todav\u00eda personas a las que les cuesta reconocer que esto sea un problema p\u00fablico y no privado, pensando que no es necesario trabajarlo en las aulas.<\/span><\/div>\n<div style=\"text-align: justify;\"><span style=\"color: #741b47; font-family: Arial, Helvetica, sans-serif;\"><br \/>\n<\/span><\/div>\n<div style=\"text-align: justify;\"><span style=\"color: #741b47; font-family: Arial, Helvetica, sans-serif;\">No pudiste ver el programa. Te animo que a lo hagas ahora o cuando tengas 1 horita para sentarte tranquilamente y escuchar. Os dejo el enlace al v\u00eddeo a continuaci\u00f3n:<\/span><\/div>\n<p><a href=\"http:\/\/www.atresplayer.com\/television\/programas\/salvados\/temporada-11\/capitulo-11-machismo-mata_2016020400463.html\" target=\"_blank\" rel=\"noopener noreferrer\">http:\/\/www.atresplayer.com\/television\/programas\/salvados\/temporada-11\/capitulo-11-machismo-mata_2016020400463.html<\/a><\/p>\n","protected":false},"excerpt":{"rendered":"<p>La gente que me conoce sabe, y quien ha le\u00eddo este blog tambi\u00e9n, que colaboro, desde hace ya 3 cursos acad\u00e9micos, con la asociaci\u00f3n salmantina ADAVAS (http:\/\/www.adavas-salamanca.org\/)&nbsp;impartiendo talleres en colegios e institutos de la provincia de Salamanca y alrededores.&nbsp; Este curso finalizo pronto. S\u00f3lo me queda una sesi\u00f3n con dos grupos del IES Calisto y &hellip; <a href=\"http:\/\/conseguiremoslaluna.es\/?p=78\" class=\"more-link\">Continuar leyendo<span class=\"screen-reader-text\"> \u00abM\u00e1s sensibilizaci\u00f3n y prevenci\u00f3n&#8230;\u00bb<\/span><\/a><\/p>\n","protected":false},"author":2,"featured_media":0,"comment_status":"open","ping_status":"open","sticky":false,"template":"","format":"standard","meta":{"footnotes":""},"categories":[321,322,326],"tags":[],"class_list":["post-78","post","type-post","status-publish","format-standard","hentry","category-asociaciones-y-ongs","category-cultura","category-feminismo"],"_links":{"self":[{"href":"http:\/\/conseguiremoslaluna.es\/index.php?rest_route=\/wp\/v2\/posts\/78","targetHints":{"allow":["GET"]}}],"collection":[{"href":"http:\/\/conseguiremoslaluna.es\/index.php?rest_route=\/wp\/v2\/posts"}],"about":[{"href":"http:\/\/conseguiremoslaluna.es\/index.php?rest_route=\/wp\/v2\/types\/post"}],"author":[{"embeddable":true,"href":"http:\/\/conseguiremoslaluna.es\/index.php?rest_route=\/wp\/v2\/users\/2"}],"replies":[{"embeddable":true,"href":"http:\/\/conseguiremoslaluna.es\/index.php?rest_route=%2Fwp%2Fv2%2Fcomments&post=78"}],"version-history":[{"count":1,"href":"http:\/\/conseguiremoslaluna.es\/index.php?rest_route=\/wp\/v2\/posts\/78\/revisions"}],"predecessor-version":[{"id":419,"href":"http:\/\/conseguiremoslaluna.es\/index.php?rest_route=\/wp\/v2\/posts\/78\/revisions\/419"}],"wp:attachment":[{"href":"http:\/\/conseguiremoslaluna.es\/index.php?rest_route=%2Fwp%2Fv2%2Fmedia&parent=78"}],"wp:term":[{"taxonomy":"category","embeddable":true,"href":"http:\/\/conseguiremoslaluna.es\/index.php?rest_route=%2Fwp%2Fv2%2Fcategories&post=78"},{"taxonomy":"post_tag","embeddable":true,"href":"http:\/\/conseguiremoslaluna.es\/index.php?rest_route=%2Fwp%2Fv2%2Ftags&post=78"}],"curies":[{"name":"wp","href":"https:\/\/api.w.org\/{rel}","templated":true}]}}