{"id":801,"date":"2023-02-04T18:54:06","date_gmt":"2023-02-04T18:54:06","guid":{"rendered":"http:\/\/conseguiremoslaluna.es\/?p=801"},"modified":"2023-02-04T18:54:06","modified_gmt":"2023-02-04T18:54:06","slug":"machirulos","status":"publish","type":"post","link":"http:\/\/conseguiremoslaluna.es\/?p=801","title":{"rendered":"Machirulos"},"content":{"rendered":"\n<p>Todo el mundo habla de la serie espa\u00f1ola creada por los mismos guionistas que \u00abAqu\u00ed no hay quien viva\u00bb, \u00abLa que se avecina\u00bb y \u00abEl pueblo\u00bb.<\/p>\n\n\n\n<p>Todas se valen del humor para hablar de lo cotidiano. La primera de ellas fue \u00abrompedora\u00bb empleando los estereotipos, chascarrillos y roles de nuestra \u00e9poca; la segunda roza lo chabacano, soez y promueve comportamientos, comentarios y palabras que son las que, desde la lucha feminista, se quieren erradicar desde hace a\u00f1os.<\/p>\n\n\n\n<p>La tercera, tomando como referencia el humor, toma prestadas diferentes frases, muletillas, tradiciones de nuestro medio rural, que se entremezcla con lo urbano actual, para hacer un homenaje a nuestra cultura de pueblo.<\/p>\n\n\n\n<p>A finales del 2022 la serie \u00abMachos Alfa\u00bb irrumpi\u00f3 en una de las plataformas de pago queriendo poner el foco de atenci\u00f3n en el machismo de nuestra sociedad (de ah\u00ed el t\u00edtulo) empleando, nuevamente, el humor para hacer un an\u00e1lisis, quiz\u00e1s no tan profundo como a muchas personas les gustar\u00eda, de ese machismo que, aunque determinadas partes de la sociedad quieran negarlo, a\u00fan existe.<\/p>\n\n\n\n<p>Cuatro personajes masculinos con cuatro alter egos femeninos en una sociedad actual donde las formas cambian, pero el contenido es el mismo. Mismo perro, con distinto collar.<\/p>\n\n\n\n<p>Cuatro hombres que se enfrentan a nuevos retos que tratan de derribar el concepto de \u00abmacho alfa\u00bb que el patriarcado se empe\u00f1a en perpetuar.<\/p>\n\n\n\n<p>Soy partidaria de emplear el humor para hacernos pensar y reflexionar, para criticar, con respeto, aquello que entendemos que est\u00e1 mal y que luchamos, cada persona con sus propios medios, por erradicar.<\/p>\n\n\n\n<p>Esta serie pod\u00eda haber ido a lo m\u00e1s profundo, pero yo creo que est\u00e1 bien este primer paso que se ha dado en criticar con humor ese ideal de macho cabr\u00edo que siente herido su orgullo y estima porque ha perdido un trabajo con poder, siendo desbancado por una mujer y dej\u00e1ndose mantener por otra; porque la pareja le propone hacer algo consensuado que \u00e9l lleva haciendo a escondidas a\u00f1os; que se deja llevar por lo carnal para olvidar una relaci\u00f3n pasada marcada por una ex \u00abloca\u00bb que ni come ni deja comer y que vive la corresponsabilidad desde la monoton\u00eda y la comodidad de lo que se da por hecho.<\/p>\n\n\n\n<p>Cuatro tipos de hombres que no hablan de sentimientos, que se re\u00fanen tras unas cervezas para hablar de trivialidades, que se juntan para ir a un curso que les ayude a deconstruir su masculinidad, aunque les ayuda poco a hacerlo (tal vez), pero por lo menos hablan y tratan de reconocer aquello que se ti\u00f1e de machismo y les da una idea de negocio.<\/p>\n\n\n\n<p>\u00bfSe podr\u00eda haber profundizado m\u00e1s? Seguramente. \u00bfSe vale de estereotipos tanto masculinos como femeninos? Por supuesto. <\/p>\n\n\n\n<p>Pero vamos a darle un punto por querer romper \u00abmoldes\u00bb y que nos haga hablar de machismo abiertamente. <\/p>\n\n\n\n<p><a href=\"https:\/\/www.eldiario.es\/opinion\/zona-critica\/serie-machos-alfa-equidistancia-igualismo-maximo-esplendor_129_9896325.html?fbclid=PAAaa9nWo8tn0p0eMOTJATU5kaTE891AFs2YBlTRl-BLAOu91YZ-nP9tHZwJk\">https:\/\/www.eldiario.es\/opinion\/zona-critica\/serie-machos-alfa-equidistancia-igualismo-maximo-esplendor_129_9896325.html?fbclid=PAAaa9nWo8tn0p0eMOTJATU5kaTE891AFs2YBlTRl-BLAOu91YZ-nP9tHZwJk<\/a><\/p>\n\n\n\n<p><\/p>\n","protected":false},"excerpt":{"rendered":"<p>Todo el mundo habla de la serie espa\u00f1ola creada por los mismos guionistas que \u00abAqu\u00ed no hay quien viva\u00bb, \u00abLa que se avecina\u00bb y \u00abEl pueblo\u00bb. Todas se valen del humor para hablar de lo cotidiano. La primera de ellas fue \u00abrompedora\u00bb empleando los estereotipos, chascarrillos y roles de nuestra \u00e9poca; la segunda roza lo &hellip; <a href=\"http:\/\/conseguiremoslaluna.es\/?p=801\" class=\"more-link\">Continuar leyendo<span class=\"screen-reader-text\"> \u00abMachirulos\u00bb<\/span><\/a><\/p>\n","protected":false},"author":2,"featured_media":802,"comment_status":"open","ping_status":"open","sticky":false,"template":"","format":"standard","meta":{"footnotes":""},"categories":[322,326,328],"tags":[],"class_list":["post-801","post","type-post","status-publish","format-standard","has-post-thumbnail","hentry","category-cultura","category-feminismo","category-prensa"],"_links":{"self":[{"href":"http:\/\/conseguiremoslaluna.es\/index.php?rest_route=\/wp\/v2\/posts\/801","targetHints":{"allow":["GET"]}}],"collection":[{"href":"http:\/\/conseguiremoslaluna.es\/index.php?rest_route=\/wp\/v2\/posts"}],"about":[{"href":"http:\/\/conseguiremoslaluna.es\/index.php?rest_route=\/wp\/v2\/types\/post"}],"author":[{"embeddable":true,"href":"http:\/\/conseguiremoslaluna.es\/index.php?rest_route=\/wp\/v2\/users\/2"}],"replies":[{"embeddable":true,"href":"http:\/\/conseguiremoslaluna.es\/index.php?rest_route=%2Fwp%2Fv2%2Fcomments&post=801"}],"version-history":[{"count":1,"href":"http:\/\/conseguiremoslaluna.es\/index.php?rest_route=\/wp\/v2\/posts\/801\/revisions"}],"predecessor-version":[{"id":803,"href":"http:\/\/conseguiremoslaluna.es\/index.php?rest_route=\/wp\/v2\/posts\/801\/revisions\/803"}],"wp:featuredmedia":[{"embeddable":true,"href":"http:\/\/conseguiremoslaluna.es\/index.php?rest_route=\/wp\/v2\/media\/802"}],"wp:attachment":[{"href":"http:\/\/conseguiremoslaluna.es\/index.php?rest_route=%2Fwp%2Fv2%2Fmedia&parent=801"}],"wp:term":[{"taxonomy":"category","embeddable":true,"href":"http:\/\/conseguiremoslaluna.es\/index.php?rest_route=%2Fwp%2Fv2%2Fcategories&post=801"},{"taxonomy":"post_tag","embeddable":true,"href":"http:\/\/conseguiremoslaluna.es\/index.php?rest_route=%2Fwp%2Fv2%2Ftags&post=801"}],"curies":[{"name":"wp","href":"https:\/\/api.w.org\/{rel}","templated":true}]}}