{"id":805,"date":"2023-02-26T11:31:59","date_gmt":"2023-02-26T11:31:59","guid":{"rendered":"http:\/\/conseguiremoslaluna.es\/?p=805"},"modified":"2023-02-26T11:31:59","modified_gmt":"2023-02-26T11:31:59","slug":"quejarse","status":"publish","type":"post","link":"http:\/\/conseguiremoslaluna.es\/?p=805","title":{"rendered":"Quejarse"},"content":{"rendered":"\n<p>En el blog siempre he escrito de manera m\u00e1s visceral, sin dar tantos rodeos (quiz\u00e1s), sin ser tan literaria (o al menos sin tratar de serlo), recomendando pel\u00edculas, libros, series, m\u00fasica que hablan o que me recuerdan ciertos temas hacia los cuales yo soy m\u00e1s sensible.<\/p>\n\n\n\n<p>No deber\u00eda quejarme, de hecho, hasta hace relativamente poco tiempo, no lo hac\u00eda. Aquello que sent\u00eda, sobre todo cuando me sent\u00eda triste, alica\u00edda,&#8230; me lo guardaba para m\u00ed. A veces pensaba que era buena actriz porque nadie se daba cuenta de mis tormentos, era capaz de esconderlo. O tal vez era lo que yo cre\u00eda.<\/p>\n\n\n\n<p>En la actualidad, he aprendido que quejarse no es tan malo, que contar aquello que te inquieta, que te pasa por la cabeza forma parte del proceso de educaci\u00f3n emocional que yo he seguido de forma autodidacta. Pero ojo, a\u00fan valgo m\u00e1s por lo que callo que por lo que cuento.<\/p>\n\n\n\n<p>Me paro a pensar, como esta ma\u00f1ana, que quiz\u00e1s no tenga derecho a quejarme. De manera recurrente, en determinados momentos, recuerdo una escena vivida en Madrid, cerca de Atocha. Hab\u00eda un grupo de chicos, no recuerdo si  de Acnur o M\u00e9dicos sin Fronteras o, tal vez, Aldeas Infantiles, que estaban pidiendo a las personas que camin\u00e1bamos por all\u00ed hacernos socias\/os. Me par\u00f3 un chico italiano, si no recuerdo mal, y me pregunt\u00f3 algo as\u00ed como si yo me sent\u00eda afortunada. Yo le contest\u00e9 que s\u00ed, que me sent\u00eda afortunada por haber nacido en el pa\u00eds en el que hab\u00eda nacido y en la familia en la hab\u00eda nacido y crecido.<\/p>\n\n\n\n<p>Y es algo que trato de repetirme constantemente, para que no se me olvide. Suelo dar gracias por ello. <\/p>\n\n\n\n<p>Supuestamente he nacido en un pa\u00eds de los considerados del primer mundo, donde el Estado de Bienestar (ejem) es la t\u00f3nica general. No tenemos excesiva inseguridad en las calles, tenemos normas que se tratan de cumplir en su mayor\u00eda, no hay fuerzas y cuerpos de seguridad corruptos (ejem), tenemos un gobierno elegido democr\u00e1ticamente que mira por el bienestar de la poblaci\u00f3n que le ha votado (ejem, ejem, ejem),&#8230; Mi familia no pasa grandes apuros econ\u00f3micos. Somos una familia afortunada. Hemos tenido nuestros momentos, eso es cierto, pero siempre contamos con el respaldo de mi padre y de mi madre, que tambi\u00e9n pasaron lo suyo en su momento.<\/p>\n\n\n\n<p>Entonces me planteo que no tengo derecho a quejarme. Pero, sin embargo, lo hago. Por lo menos, en la mayor\u00eda de los casos, me quejo hablando conmigo misma. Hay personas que est\u00e1n en una situaci\u00f3n peor que yo. Yo tengo un techo que me cobija, tengo salud, mi familia m\u00e1s cercana y mi entorno de amistades est\u00e1n m\u00e1s o menos bien (los achaques de la edad, en la mayor\u00eda de los casos, comentario muy recurrente), tengo trabajo (ejem),&#8230; Entonces, \u00bfpor qu\u00e9 me quejo?<\/p>\n\n\n\n<p>Me siento orgullosa, y lo reivindico, cuando me dicen que soy un poco bruja. Me encanta. Creo que la figura de las brujas est\u00e1 muy denostada y no son entendidas realmente. Se ha creado una historia alrededor de ellas que no se asemeja en nada a la realidad. <\/p>\n\n\n\n<p>Tambi\u00e9n se me llena el pecho cuando digo que soy la \u00aboveja negra\u00bb de la familia. Me encantan las ovejas. Y ser la negra significa que algo diferente soy y pienso que la diferencia enriquece. Pero, en determinadas ocasiones, estos calificativos pesan demasiado, me hacen sentir un poco mal y la mochila que cargo me pesa no s\u00e9 cu\u00e1ntos quintales. Y, entonces, me trato de hacer un ovillo, buscar mi espacio (si me dejan) y mantengo conversaciones en silencio conmigo misma. Vuelvo a quejarme, a desear aquello que no tengo y me gustar\u00eda tener, a sentirme un poco desdichada y pensar en la injusticia que me rodea. Analizo los acontecimientos vividos en los \u00faltimos d\u00edas o en los \u00faltimos meses. Trato de racionalizar aquello que no se puede racionalizar.<\/p>\n\n\n\n<p>Realmente, \u00bftengo derecho a quejarme? Pues quiz\u00e1s todo depende del prisma con el que se mire.<\/p>\n","protected":false},"excerpt":{"rendered":"<p>En el blog siempre he escrito de manera m\u00e1s visceral, sin dar tantos rodeos (quiz\u00e1s), sin ser tan literaria (o al menos sin tratar de serlo), recomendando pel\u00edculas, libros, series, m\u00fasica que hablan o que me recuerdan ciertos temas hacia los cuales yo soy m\u00e1s sensible. No deber\u00eda quejarme, de hecho, hasta hace relativamente poco &hellip; <a href=\"http:\/\/conseguiremoslaluna.es\/?p=805\" class=\"more-link\">Continuar leyendo<span class=\"screen-reader-text\"> \u00abQuejarse\u00bb<\/span><\/a><\/p>\n","protected":false},"author":2,"featured_media":806,"comment_status":"open","ping_status":"open","sticky":false,"template":"","format":"standard","meta":{"footnotes":""},"categories":[322,325],"tags":[],"class_list":["post-805","post","type-post","status-publish","format-standard","has-post-thumbnail","hentry","category-cultura","category-familia"],"_links":{"self":[{"href":"http:\/\/conseguiremoslaluna.es\/index.php?rest_route=\/wp\/v2\/posts\/805","targetHints":{"allow":["GET"]}}],"collection":[{"href":"http:\/\/conseguiremoslaluna.es\/index.php?rest_route=\/wp\/v2\/posts"}],"about":[{"href":"http:\/\/conseguiremoslaluna.es\/index.php?rest_route=\/wp\/v2\/types\/post"}],"author":[{"embeddable":true,"href":"http:\/\/conseguiremoslaluna.es\/index.php?rest_route=\/wp\/v2\/users\/2"}],"replies":[{"embeddable":true,"href":"http:\/\/conseguiremoslaluna.es\/index.php?rest_route=%2Fwp%2Fv2%2Fcomments&post=805"}],"version-history":[{"count":1,"href":"http:\/\/conseguiremoslaluna.es\/index.php?rest_route=\/wp\/v2\/posts\/805\/revisions"}],"predecessor-version":[{"id":807,"href":"http:\/\/conseguiremoslaluna.es\/index.php?rest_route=\/wp\/v2\/posts\/805\/revisions\/807"}],"wp:featuredmedia":[{"embeddable":true,"href":"http:\/\/conseguiremoslaluna.es\/index.php?rest_route=\/wp\/v2\/media\/806"}],"wp:attachment":[{"href":"http:\/\/conseguiremoslaluna.es\/index.php?rest_route=%2Fwp%2Fv2%2Fmedia&parent=805"}],"wp:term":[{"taxonomy":"category","embeddable":true,"href":"http:\/\/conseguiremoslaluna.es\/index.php?rest_route=%2Fwp%2Fv2%2Fcategories&post=805"},{"taxonomy":"post_tag","embeddable":true,"href":"http:\/\/conseguiremoslaluna.es\/index.php?rest_route=%2Fwp%2Fv2%2Ftags&post=805"}],"curies":[{"name":"wp","href":"https:\/\/api.w.org\/{rel}","templated":true}]}}