{"id":90,"date":"2015-10-20T10:15:00","date_gmt":"2015-10-20T10:15:00","guid":{"rendered":"http:\/\/conseguiremoslaluna.es\/?p=90"},"modified":"2020-05-01T17:03:10","modified_gmt":"2020-05-01T17:03:10","slug":"soy-mala-madre-y-que","status":"publish","type":"post","link":"https:\/\/conseguiremoslaluna.es\/?p=90","title":{"rendered":"Soy mala madre, \u00bfy qu\u00e9?"},"content":{"rendered":"<div style=\"text-align: justify;\"><span style=\"color: #741b47; font-family: Arial, Helvetica, sans-serif;\">Siempre he cre\u00eddo que no soy una madre al uso. Siempre he pensado que el hecho de ser madre, de traer una vida al mundo no significa que dejes de ser persona, de ser mujer. Sigues siendo todo eso, pero con un a\u00f1adido.<\/span><\/div>\n<div style=\"text-align: justify;\"><span style=\"color: #741b47; font-family: Arial, Helvetica, sans-serif;\"><br \/>\n<\/span><\/div>\n<div style=\"text-align: justify;\"><span style=\"color: #741b47; font-family: Arial, Helvetica, sans-serif;\">Respeto a esas personas que se dedican en cuerpo y alma a su descendencia, dej\u00e1ndose de lado a ellas mismas y, a veces, a su pareja.&nbsp;<\/span><\/div>\n<div style=\"text-align: justify;\"><span style=\"color: #741b47; font-family: Arial, Helvetica, sans-serif;\"><br \/>\n<\/span><\/div>\n<div style=\"text-align: justify;\"><span style=\"color: #741b47; font-family: Arial, Helvetica, sans-serif;\">En mi casa lo hablamos mucho. Te conviertes en madre, en padre, pero tambi\u00e9n sigues teniendo una relaci\u00f3n de pareja que tienes que alimentar y cuidar. \u00bfPor qu\u00e9 nos cegamos tanto que abandonamos eso?&nbsp;<\/span><\/div>\n<div style=\"text-align: justify;\"><span style=\"color: #741b47; font-family: Arial, Helvetica, sans-serif;\"><br \/>\n<\/span><\/div>\n<div style=\"text-align: justify;\"><span style=\"color: #741b47; font-family: Arial, Helvetica, sans-serif;\">En muchas ocasiones, parece que ser madre significa que no puedes seguir saliendo a correr (quien lo haga, yo prefiero las largas caminatas), que no puedes continuar estudiando o ascendiendo en tu vida laboral. Parece que est\u00e1s cometiendo un sacrilegio si un d\u00eda, dejas a tu hija o a tu hijo con tu pareja o con tu madre o padre o hermana\/o y te vas a tomar algo con tus amistades, a dar un paseo o te vas de cena s\u00faper s\u00faper rom\u00e1ntica con tu pareja.<\/span><\/div>\n<div style=\"text-align: justify;\"><span style=\"color: #741b47; font-family: Arial, Helvetica, sans-serif;\"><br \/>\n<\/span><\/div>\n<div style=\"text-align: justify;\"><span style=\"color: #741b47; font-family: Arial, Helvetica, sans-serif;\">\u00a1Ayss qu\u00e9 equivocada est\u00e1 esa gente!<\/span><\/div>\n<div style=\"text-align: justify;\"><span style=\"color: #741b47; font-family: Arial, Helvetica, sans-serif;\"><br \/>\n<\/span><\/div>\n<div style=\"text-align: justify;\"><span style=\"color: #741b47; font-family: Arial, Helvetica, sans-serif;\">Me declaro una madre mal\u00edsima, la peor de las peores. Reconozco que para m\u00ed es muy importante no perder el contacto con mis amistades, con mi pareja, que quiero seguir estudiando para poder optar a un puesto de trabajo mejor (cuando la cosa se estabilice y mejore, de momento me conformo con un trabajo). Entono el <i>mea culpa <\/i>cuando prefiero dejar a mis hijos\/as con mi madre (gracias mami) para irme a dar una vuelta con mis amigas o para ver una obra de microteatro o hacer una ruta de senderismo porque necesito respirar aire puro y desconectar.<\/span><\/div>\n<div style=\"text-align: justify;\"><span style=\"color: #741b47; font-family: Arial, Helvetica, sans-serif;\"><br \/>\n<\/span><\/div>\n<div style=\"text-align: justify;\"><span style=\"color: #741b47; font-family: Arial, Helvetica, sans-serif;\">Venga, va, lo reconozco, soy una pes\u00edma madre.<\/span><\/div>\n<div style=\"text-align: justify;\"><span style=\"color: #741b47; font-family: Arial, Helvetica, sans-serif;\"><br \/>\n<\/span><\/div>\n<div style=\"text-align: justify;\"><span style=\"color: #741b47; font-family: Arial, Helvetica, sans-serif;\">De pronto, anoche recibo un mail de un amigo donde me pasa unos enlaces o links que son \u00abmuy cuquis\u00bb. Los abro, investigo, hojeo, releo, pincho por all\u00e1 y por ac\u00e1&#8230; \u00a1Qu\u00e9 alegr\u00eda m\u00e1s grande! Compruebo que no soy la \u00fanica. Me doy cuenta que por el mundo (bueno, vale, al menos en Espa\u00f1a) hay m\u00e1s madres como yo y que se hacen llamar \u00abmalas madres\u00bb. Obviamente, no hay ni qu\u00e9 decir que me he unido a este selecto club. Jajajaja<\/span><\/div>\n<div style=\"clear: both; text-align: center;\"><a href=\"http:\/\/4.bp.blogspot.com\/-oXV3shdd6Hc\/ViYS4OkqhcI\/AAAAAAAAFf8\/89L6TR8FhKk\/s1600\/berrinche.png\" style=\"margin-left: 1em; margin-right: 1em;\"><img loading=\"lazy\" decoding=\"async\" border=\"0\" height=\"320\" src=\"http:\/\/4.bp.blogspot.com\/-oXV3shdd6Hc\/ViYS4OkqhcI\/AAAAAAAAFf8\/89L6TR8FhKk\/s320\/berrinche.png\" width=\"319\"><\/a><\/div>\n<div style=\"text-align: justify;\"><span style=\"color: #741b47; font-family: Arial, Helvetica, sans-serif;\"><br \/>\n<\/span><\/div>\n<div style=\"text-align: justify;\"><span style=\"color: #741b47; font-family: Arial, Helvetica, sans-serif;\">Pues nada, ah\u00ed os dejo el enlace para que lo ve\u00e1is y que si os consider\u00e1is unas malas madres o malos padres, os hag\u00e1is del club. A m\u00ed me ha encantado.<\/span><\/div>\n<p><span style=\"color: #741b47; font-family: Arial, Helvetica, sans-serif;\"><br \/>\n<\/span><span style=\"color: #741b47; font-family: Arial, Helvetica, sans-serif;\"><a href=\"http:\/\/clubdemalasmadres.com\/\" target=\"_blank\" rel=\"noopener noreferrer\">http:\/\/clubdemalasmadres.com\/<\/a><\/span><\/p>\n","protected":false},"excerpt":{"rendered":"<p>Siempre he cre\u00eddo que no soy una madre al uso. Siempre he pensado que el hecho de ser madre, de traer una vida al mundo no significa que dejes de ser persona, de ser mujer. Sigues siendo todo eso, pero con un a\u00f1adido. Respeto a esas personas que se dedican en cuerpo y alma a &hellip; <a href=\"https:\/\/conseguiremoslaluna.es\/?p=90\" class=\"more-link\">Continuar leyendo<span class=\"screen-reader-text\"> \u00abSoy mala madre, \u00bfy qu\u00e9?\u00bb<\/span><\/a><\/p>\n","protected":false},"author":2,"featured_media":0,"comment_status":"open","ping_status":"open","sticky":false,"template":"","format":"standard","meta":{"footnotes":""},"categories":[322,325,326],"tags":[],"class_list":["post-90","post","type-post","status-publish","format-standard","hentry","category-cultura","category-familia","category-feminismo"],"_links":{"self":[{"href":"https:\/\/conseguiremoslaluna.es\/index.php?rest_route=\/wp\/v2\/posts\/90","targetHints":{"allow":["GET"]}}],"collection":[{"href":"https:\/\/conseguiremoslaluna.es\/index.php?rest_route=\/wp\/v2\/posts"}],"about":[{"href":"https:\/\/conseguiremoslaluna.es\/index.php?rest_route=\/wp\/v2\/types\/post"}],"author":[{"embeddable":true,"href":"https:\/\/conseguiremoslaluna.es\/index.php?rest_route=\/wp\/v2\/users\/2"}],"replies":[{"embeddable":true,"href":"https:\/\/conseguiremoslaluna.es\/index.php?rest_route=%2Fwp%2Fv2%2Fcomments&post=90"}],"version-history":[{"count":1,"href":"https:\/\/conseguiremoslaluna.es\/index.php?rest_route=\/wp\/v2\/posts\/90\/revisions"}],"predecessor-version":[{"id":431,"href":"https:\/\/conseguiremoslaluna.es\/index.php?rest_route=\/wp\/v2\/posts\/90\/revisions\/431"}],"wp:attachment":[{"href":"https:\/\/conseguiremoslaluna.es\/index.php?rest_route=%2Fwp%2Fv2%2Fmedia&parent=90"}],"wp:term":[{"taxonomy":"category","embeddable":true,"href":"https:\/\/conseguiremoslaluna.es\/index.php?rest_route=%2Fwp%2Fv2%2Fcategories&post=90"},{"taxonomy":"post_tag","embeddable":true,"href":"https:\/\/conseguiremoslaluna.es\/index.php?rest_route=%2Fwp%2Fv2%2Ftags&post=90"}],"curies":[{"name":"wp","href":"https:\/\/api.w.org\/{rel}","templated":true}]}}